{"id":16168,"date":"2021-05-20T10:45:48","date_gmt":"2021-05-20T10:45:48","guid":{"rendered":"http:\/\/w2.doneztebe.eus\/herritarrek-parte-hartzeko-prozesu-aholku-emailea-un9\/"},"modified":"2021-05-20T10:45:48","modified_gmt":"2021-05-20T10:45:48","slug":"herritarrek-parte-hartzeko-prozesu-aholku-emailea-un9","status":"publish","type":"post","link":"http:\/\/www.doneztebe.eus\/eu\/herritarrek-parte-hartzeko-prozesu-aholku-emailea-un9\/","title":{"rendered":"HERRITARREK PARTE HARTZEKO PROZESU AHOLKU EMAILEA UN9"},"content":{"rendered":"<h2 style=\"text-align: center\"><strong>PROCESO DE PARTICIPACI\u00d3N CIUDADANA DE CARACTER CONSULTIVO DEL PLAN PARCIAL DE LA UNIDAD UN9 DE DONEZTEBE-SANTESTEBAN<\/strong><\/h2>\n<h3>C<strong>onsulta p\u00fablica previa sobre el Plan Parcial de la Unidad UN 9 de Doneztebe-Santesteban en el que se fijar\u00e1n las alineaciones y rasantes y se complementaran las determinaciones de la citada unidad, en aplicaci\u00f3n del art\u00edculo 7.3 de la Ley Foral 35\/2002, de 20 de diciembre, de Ordenaci\u00f3n del Territorio y Urbanismo.<\/strong><\/h3>\n<p>La presente Consulta previa que tiene por objeto recabar la opini\u00f3n de los vecinos, de la ciudadan\u00eda y organizaciones representativas que potencialmente pudieran verse afectadas por la modificaci\u00f3n planteada, que pretende fijar las alineaciones y rasantes y complementar las determinaciones de la citada unidad, acerca de:<\/p>\n<p>a. Los problemas que se pretenden solucionar con la iniciativa.<\/p>\n<p>b. La necesidad y oportunidad de su aprobaci\u00f3n<\/p>\n<p>c. Los objetivos de la norma.<\/p>\n<p>d. Las posibles soluciones alternativas regulatorias y no regulatorias.<\/p>\n<p>Con el objeto de facilitar la difusi\u00f3n y comprensi\u00f3n ciudadana se dispone de un documento\u00a0 de la propuesta de ordenaci\u00f3n a disposici\u00f3n de la ciudadan\u00eda en las dependencias municipales.<\/p>\n<p><strong>Ficha:<\/strong><\/p>\n<p><strong>PROMOTOR: D.\u00a0 JOKIN ELIZALDE ARRECHEA Y D. JOSE LUIS IRURITA SILOS<br \/>\n<\/strong><\/p>\n<p><strong>TIPO DE PROPUESTA:<\/strong>\u00a0Consulta p\u00fablica previa<\/p>\n<p><strong>ESTADO DEL PROCESO DE PARTICIPACION:<\/strong>\u00a0Activo<\/p>\n<p>Abierto plazo para consulta p\u00fablica desde el 21 de mayo de 2021, hasta el <strong>7<\/strong> de junio de 2021, ambos inclusive.<\/p>\n<p>Pueden formular sus opiniones y aportaciones por los siguientes medios:<\/p>\n<p>.- A trav\u00e9s del correo electr\u00f3nico: planparcialun9@gmail.com<\/p>\n<p>.- \u00f3 presencialmente en las oficinas municipales sitas en la C\/Mercaderes, 9, 31.740 Doneztebe\/Santesteban, de lunes a viernes, de 9:00 h a 14:00 horas,<\/p>\n<p>Concluido el tr\u00e1mite, se informar\u00e1 en este mismo espacio del resultado de la consulta planteada.<\/p>\n<p><strong>DOCUMENTACION:<\/strong><\/p>\n<p>El documento de la propuesta de ordenaci\u00f3n se encuentra disponible para su revisi\u00f3n a trav\u00e9s de este enlace:<\/p>\n<p><a href=\"http:\/\/www.doneztebe.eus\/wp-content\/uploads\/2021\/05\/059-20-Plan-participacion-ciudadanan.reg_.632.pdf\" class=\"mtli_attachment mtli_pdf\" target=\"_blank\" rel=\"noopener\">059-20 Plan participaci\u00f3n ciudadana (pdf click aqu\u00ed)<\/a><\/p>\n<p>El documento de la propuesta de ordenaci\u00f3n se encuentra disponible para su revisi\u00f3n en la p\u00e1gina web del Ayuntamiento y \u00a0tambi\u00e9n presencialmente en las oficinas municipales, sitas en la C\/Mercaderes, 9, 31.740 Doneztebe\/Santesteban, en horario de oficina, de lunes a viernes, de 9:00 h a 14:00 horas (Tel 948-45-00-17). Correo electr\u00f3nico: doneztebe@santesteban.es.<\/p>\n<p><strong>REUNI\u00d3N INFORMATIVA: Jueves 03\/06\/2021, a las 9.00 horas en el Sal\u00f3n de Plenos del Ayuntamiento de Doneztebe-Santesteban\/en situado en C\/Mercaderes 9.<\/strong><\/p>\n<p>Doneztebe\/Santesteban, a 20 de mayo de 2021<\/p>\n<p>LA ALCALDESA-PRESIDENTA Fdo.: D\u00f1a. Leire Ortuoste Garc\u00eda<\/p>\n<p><a href=\"http:\/\/www.doneztebe.eus\/wp-content\/uploads\/2021\/05\/ANUNCIO-WEB-UN9.pdf\" class=\"mtli_attachment mtli_pdf\" target=\"_blank\" rel=\"noopener\">ANUNCIO WEB UN9 (pdf click aqui)<\/a><\/p>\n","protected":false},"excerpt":{"rendered":"<p>PROCESO DE PARTICIPACI\u00d3N CIUDADANA DE CARACTER CONSULTIVO DEL PLAN PARCIAL DE LA UNIDAD UN9 DE DONEZTEBE-SANTESTEBAN Consulta p\u00fablica previa sobre el Plan Parcial de la Unidad UN 9 de Doneztebe-Santesteban en el que se fijar\u00e1n las alineaciones y rasantes y se complementaran las determinaciones de la citada unidad, en aplicaci\u00f3n del art\u00edculo 7.3 de la [&hellip;]<\/p>\n","protected":false},"author":10581,"featured_media":15172,"comment_status":"open","ping_status":"closed","sticky":false,"template":"","format":"standard","meta":{"_exactmetrics_skip_tracking":false,"_exactmetrics_sitenote_active":false,"_exactmetrics_sitenote_note":"","_exactmetrics_sitenote_category":0,"footnotes":""},"categories":[119],"tags":[],"class_list":["post-16168","post","type-post","status-publish","format-standard","has-post-thumbnail","hentry","category-tablon"],"yoast_head":"<!-- This site is optimized with the Yoast SEO plugin v24.1 - https:\/\/yoast.com\/wordpress\/plugins\/seo\/ -->\r\n<title>HERRITARREK PARTE HARTZEKO PROZESU AHOLKU EMAILEA UN9 - Doneztebeko udala<\/title>\r\n<meta name=\"robots\" content=\"index, follow, max-snippet:-1, max-image-preview:large, max-video-preview:-1\" \/>\r\n<link rel=\"canonical\" href=\"http:\/\/www.doneztebe.eus\/eu\/herritarrek-parte-hartzeko-prozesu-aholku-emailea-un9\/\" \/>\r\n<meta property=\"og:locale\" content=\"eu_ES\" \/>\r\n<meta property=\"og:type\" content=\"article\" \/>\r\n<meta property=\"og:title\" content=\"HERRITARREK PARTE HARTZEKO PROZESU AHOLKU EMAILEA UN9 - Doneztebeko udala\" \/>\r\n<meta property=\"og:description\" content=\"PROCESO DE PARTICIPACI\u00d3N CIUDADANA DE CARACTER CONSULTIVO DEL PLAN PARCIAL DE LA UNIDAD UN9 DE DONEZTEBE-SANTESTEBAN Consulta p\u00fablica previa sobre el Plan Parcial de la Unidad UN 9 de Doneztebe-Santesteban en el que se fijar\u00e1n las alineaciones y rasantes y se complementaran las determinaciones de la citada unidad, en aplicaci\u00f3n del art\u00edculo 7.3 de la [&hellip;]\" \/>\r\n<meta property=\"og:url\" content=\"http:\/\/www.doneztebe.eus\/eu\/herritarrek-parte-hartzeko-prozesu-aholku-emailea-un9\/\" \/>\r\n<meta property=\"og:site_name\" content=\"Doneztebeko udala\" \/>\r\n<meta property=\"article:published_time\" content=\"2021-05-20T10:45:48+00:00\" \/>\r\n<meta property=\"og:image\" content=\"http:\/\/www.doneztebe.eus\/wp-content\/uploads\/2021\/05\/PARTICIPACION-CIUDADANA-NOT.png\" \/>\r\n\t<meta property=\"og:image:width\" content=\"720\" \/>\r\n\t<meta property=\"og:image:height\" content=\"340\" \/>\r\n\t<meta property=\"og:image:type\" content=\"image\/png\" \/>\r\n<meta name=\"author\" content=\"mjzarranz\" \/>\r\n<meta name=\"twitter:card\" content=\"summary_large_image\" \/>\r\n<meta name=\"twitter:label1\" content=\"Written by\" \/>\n\t<meta name=\"twitter:data1\" content=\"mjzarranz\" \/>\n\t<meta name=\"twitter:label2\" content=\"Est. reading time\" \/>\n\t<meta name=\"twitter:data2\" content=\"2 minutes\" \/>\r\n<script type=\"application\/ld+json\" class=\"yoast-schema-graph\">{\"@context\":\"https:\/\/schema.org\",\"@graph\":[{\"@type\":\"WebPage\",\"@id\":\"http:\/\/www.doneztebe.eus\/eu\/herritarrek-parte-hartzeko-prozesu-aholku-emailea-un9\/\",\"url\":\"http:\/\/www.doneztebe.eus\/eu\/herritarrek-parte-hartzeko-prozesu-aholku-emailea-un9\/\",\"name\":\"HERRITARREK PARTE HARTZEKO PROZESU AHOLKU EMAILEA UN9 - Doneztebeko udala\",\"isPartOf\":{\"@id\":\"http:\/\/www.doneztebe.eus\/#website\"},\"primaryImageOfPage\":{\"@id\":\"http:\/\/www.doneztebe.eus\/eu\/herritarrek-parte-hartzeko-prozesu-aholku-emailea-un9\/#primaryimage\"},\"image\":{\"@id\":\"http:\/\/www.doneztebe.eus\/eu\/herritarrek-parte-hartzeko-prozesu-aholku-emailea-un9\/#primaryimage\"},\"thumbnailUrl\":\"http:\/\/www.doneztebe.eus\/wp-content\/uploads\/2021\/05\/PARTICIPACION-CIUDADANA-NOT.png\",\"datePublished\":\"2021-05-20T10:45:48+00:00\",\"dateModified\":\"2021-05-20T10:45:48+00:00\",\"author\":{\"@id\":\"http:\/\/www.doneztebe.eus\/#\/schema\/person\/9ae4460b8936e05f77fae7908ca022c5\"},\"breadcrumb\":{\"@id\":\"http:\/\/www.doneztebe.eus\/eu\/herritarrek-parte-hartzeko-prozesu-aholku-emailea-un9\/#breadcrumb\"},\"inLanguage\":\"eu-ES\",\"potentialAction\":[{\"@type\":\"ReadAction\",\"target\":[\"http:\/\/www.doneztebe.eus\/eu\/herritarrek-parte-hartzeko-prozesu-aholku-emailea-un9\/\"]}]},{\"@type\":\"ImageObject\",\"inLanguage\":\"eu-ES\",\"@id\":\"http:\/\/www.doneztebe.eus\/eu\/herritarrek-parte-hartzeko-prozesu-aholku-emailea-un9\/#primaryimage\",\"url\":\"http:\/\/www.doneztebe.eus\/wp-content\/uploads\/2021\/05\/PARTICIPACION-CIUDADANA-NOT.png\",\"contentUrl\":\"http:\/\/www.doneztebe.eus\/wp-content\/uploads\/2021\/05\/PARTICIPACION-CIUDADANA-NOT.png\",\"width\":720,\"height\":340},{\"@type\":\"BreadcrumbList\",\"@id\":\"http:\/\/www.doneztebe.eus\/eu\/herritarrek-parte-hartzeko-prozesu-aholku-emailea-un9\/#breadcrumb\",\"itemListElement\":[{\"@type\":\"ListItem\",\"position\":1,\"name\":\"Portada\",\"item\":\"http:\/\/www.doneztebe.eus\/\"},{\"@type\":\"ListItem\",\"position\":2,\"name\":\"HERRITARREK PARTE HARTZEKO PROZESU AHOLKU EMAILEA UN9\"}]},{\"@type\":\"WebSite\",\"@id\":\"http:\/\/www.doneztebe.eus\/#website\",\"url\":\"http:\/\/www.doneztebe.eus\/\",\"name\":\"Doneztebeko udala\",\"description\":\"Web oficial del ayuntamiento de Doneztebe\",\"potentialAction\":[{\"@type\":\"SearchAction\",\"target\":{\"@type\":\"EntryPoint\",\"urlTemplate\":\"http:\/\/www.doneztebe.eus\/?s={search_term_string}\"},\"query-input\":{\"@type\":\"PropertyValueSpecification\",\"valueRequired\":true,\"valueName\":\"search_term_string\"}}],\"inLanguage\":\"eu-ES\"},{\"@type\":\"Person\",\"@id\":\"http:\/\/www.doneztebe.eus\/#\/schema\/person\/9ae4460b8936e05f77fae7908ca022c5\",\"name\":\"mjzarranz\",\"image\":{\"@type\":\"ImageObject\",\"inLanguage\":\"eu-ES\",\"@id\":\"http:\/\/www.doneztebe.eus\/#\/schema\/person\/image\/\",\"url\":\"https:\/\/secure.gravatar.com\/avatar\/d9e2152de60f9483bb13309048f58259?s=96&d=mm&r=g\",\"contentUrl\":\"https:\/\/secure.gravatar.com\/avatar\/d9e2152de60f9483bb13309048f58259?s=96&d=mm&r=g\",\"caption\":\"mjzarranz\"},\"url\":\"http:\/\/www.doneztebe.eus\/eu\/author\/mjzarranz\/\"}]}<\/script>\r\n<!-- \/ Yoast SEO plugin. -->","yoast_head_json":{"title":"HERRITARREK PARTE HARTZEKO PROZESU AHOLKU EMAILEA UN9 - Doneztebeko udala","robots":{"index":"index","follow":"follow","max-snippet":"max-snippet:-1","max-image-preview":"max-image-preview:large","max-video-preview":"max-video-preview:-1"},"canonical":"http:\/\/www.doneztebe.eus\/eu\/herritarrek-parte-hartzeko-prozesu-aholku-emailea-un9\/","og_locale":"eu_ES","og_type":"article","og_title":"HERRITARREK PARTE HARTZEKO PROZESU AHOLKU EMAILEA UN9 - Doneztebeko udala","og_description":"PROCESO DE PARTICIPACI\u00d3N CIUDADANA DE CARACTER CONSULTIVO DEL PLAN PARCIAL DE LA UNIDAD UN9 DE DONEZTEBE-SANTESTEBAN Consulta p\u00fablica previa sobre el Plan Parcial de la Unidad UN 9 de Doneztebe-Santesteban en el que se fijar\u00e1n las alineaciones y rasantes y se complementaran las determinaciones de la citada unidad, en aplicaci\u00f3n del art\u00edculo 7.3 de la [&hellip;]","og_url":"http:\/\/www.doneztebe.eus\/eu\/herritarrek-parte-hartzeko-prozesu-aholku-emailea-un9\/","og_site_name":"Doneztebeko udala","article_published_time":"2021-05-20T10:45:48+00:00","og_image":[{"width":720,"height":340,"url":"http:\/\/www.doneztebe.eus\/wp-content\/uploads\/2021\/05\/PARTICIPACION-CIUDADANA-NOT.png","type":"image\/png"}],"author":"mjzarranz","twitter_card":"summary_large_image","twitter_misc":{"Written by":"mjzarranz","Est. reading time":"2 minutes"},"schema":{"@context":"https:\/\/schema.org","@graph":[{"@type":"WebPage","@id":"http:\/\/www.doneztebe.eus\/eu\/herritarrek-parte-hartzeko-prozesu-aholku-emailea-un9\/","url":"http:\/\/www.doneztebe.eus\/eu\/herritarrek-parte-hartzeko-prozesu-aholku-emailea-un9\/","name":"HERRITARREK PARTE HARTZEKO PROZESU AHOLKU EMAILEA UN9 - Doneztebeko udala","isPartOf":{"@id":"http:\/\/www.doneztebe.eus\/#website"},"primaryImageOfPage":{"@id":"http:\/\/www.doneztebe.eus\/eu\/herritarrek-parte-hartzeko-prozesu-aholku-emailea-un9\/#primaryimage"},"image":{"@id":"http:\/\/www.doneztebe.eus\/eu\/herritarrek-parte-hartzeko-prozesu-aholku-emailea-un9\/#primaryimage"},"thumbnailUrl":"http:\/\/www.doneztebe.eus\/wp-content\/uploads\/2021\/05\/PARTICIPACION-CIUDADANA-NOT.png","datePublished":"2021-05-20T10:45:48+00:00","dateModified":"2021-05-20T10:45:48+00:00","author":{"@id":"http:\/\/www.doneztebe.eus\/#\/schema\/person\/9ae4460b8936e05f77fae7908ca022c5"},"breadcrumb":{"@id":"http:\/\/www.doneztebe.eus\/eu\/herritarrek-parte-hartzeko-prozesu-aholku-emailea-un9\/#breadcrumb"},"inLanguage":"eu-ES","potentialAction":[{"@type":"ReadAction","target":["http:\/\/www.doneztebe.eus\/eu\/herritarrek-parte-hartzeko-prozesu-aholku-emailea-un9\/"]}]},{"@type":"ImageObject","inLanguage":"eu-ES","@id":"http:\/\/www.doneztebe.eus\/eu\/herritarrek-parte-hartzeko-prozesu-aholku-emailea-un9\/#primaryimage","url":"http:\/\/www.doneztebe.eus\/wp-content\/uploads\/2021\/05\/PARTICIPACION-CIUDADANA-NOT.png","contentUrl":"http:\/\/www.doneztebe.eus\/wp-content\/uploads\/2021\/05\/PARTICIPACION-CIUDADANA-NOT.png","width":720,"height":340},{"@type":"BreadcrumbList","@id":"http:\/\/www.doneztebe.eus\/eu\/herritarrek-parte-hartzeko-prozesu-aholku-emailea-un9\/#breadcrumb","itemListElement":[{"@type":"ListItem","position":1,"name":"Portada","item":"http:\/\/www.doneztebe.eus\/"},{"@type":"ListItem","position":2,"name":"HERRITARREK PARTE HARTZEKO PROZESU AHOLKU EMAILEA UN9"}]},{"@type":"WebSite","@id":"http:\/\/www.doneztebe.eus\/#website","url":"http:\/\/www.doneztebe.eus\/","name":"Doneztebeko udala","description":"Web oficial del ayuntamiento de Doneztebe","potentialAction":[{"@type":"SearchAction","target":{"@type":"EntryPoint","urlTemplate":"http:\/\/www.doneztebe.eus\/?s={search_term_string}"},"query-input":{"@type":"PropertyValueSpecification","valueRequired":true,"valueName":"search_term_string"}}],"inLanguage":"eu-ES"},{"@type":"Person","@id":"http:\/\/www.doneztebe.eus\/#\/schema\/person\/9ae4460b8936e05f77fae7908ca022c5","name":"mjzarranz","image":{"@type":"ImageObject","inLanguage":"eu-ES","@id":"http:\/\/www.doneztebe.eus\/#\/schema\/person\/image\/","url":"https:\/\/secure.gravatar.com\/avatar\/d9e2152de60f9483bb13309048f58259?s=96&d=mm&r=g","contentUrl":"https:\/\/secure.gravatar.com\/avatar\/d9e2152de60f9483bb13309048f58259?s=96&d=mm&r=g","caption":"mjzarranz"},"url":"http:\/\/www.doneztebe.eus\/eu\/author\/mjzarranz\/"}]}},"_links":{"self":[{"href":"http:\/\/www.doneztebe.eus\/eu\/wp-json\/wp\/v2\/posts\/16168","targetHints":{"allow":["GET"]}}],"collection":[{"href":"http:\/\/www.doneztebe.eus\/eu\/wp-json\/wp\/v2\/posts"}],"about":[{"href":"http:\/\/www.doneztebe.eus\/eu\/wp-json\/wp\/v2\/types\/post"}],"author":[{"embeddable":true,"href":"http:\/\/www.doneztebe.eus\/eu\/wp-json\/wp\/v2\/users\/10581"}],"replies":[{"embeddable":true,"href":"http:\/\/www.doneztebe.eus\/eu\/wp-json\/wp\/v2\/comments?post=16168"}],"version-history":[{"count":0,"href":"http:\/\/www.doneztebe.eus\/eu\/wp-json\/wp\/v2\/posts\/16168\/revisions"}],"wp:featuredmedia":[{"embeddable":true,"href":"http:\/\/www.doneztebe.eus\/eu\/wp-json\/wp\/v2\/media\/15172"}],"wp:attachment":[{"href":"http:\/\/www.doneztebe.eus\/eu\/wp-json\/wp\/v2\/media?parent=16168"}],"wp:term":[{"taxonomy":"category","embeddable":true,"href":"http:\/\/www.doneztebe.eus\/eu\/wp-json\/wp\/v2\/categories?post=16168"},{"taxonomy":"post_tag","embeddable":true,"href":"http:\/\/www.doneztebe.eus\/eu\/wp-json\/wp\/v2\/tags?post=16168"}],"curies":[{"name":"wp","href":"https:\/\/api.w.org\/{rel}","templated":true}]}}